{"id":23975,"date":"2023-07-06T15:07:18","date_gmt":"2023-07-06T13:07:18","guid":{"rendered":"https:\/\/theresales.nl\/?p=23975"},"modified":"2024-04-12T12:46:32","modified_gmt":"2024-04-12T10:46:32","slug":"exklusives-interview-mit-maarsingh-und-van-steijn","status":"publish","type":"post","link":"https:\/\/theresales.nl\/de\/exclusief-interview-met-maarsingh-en-van-steijn\/","title":{"rendered":"Exklusives Interview mit Maarsingh &amp; van Steijn"},"content":{"rendered":"<div>\n<div style=\"width: 1600px;\" class=\"wp-video\"><video class=\"wp-video-shortcode\" id=\"video-23975-1\" width=\"1600\" height=\"900\" preload=\"metadata\" controls=\"controls\"><source type=\"video\/mp4\" src=\"https:\/\/theresales.nl\/wp-content\/uploads\/2023\/07\/Interview-met-Maarsingh-Van-Steijn.mp4?_=1\" \/><a href=\"https:\/\/theresales.nl\/wp-content\/uploads\/2023\/07\/Interview-met-Maarsingh-Van-Steijn.mp4\">https:\/\/theresales.nl\/wp-content\/uploads\/2023\/07\/Interview-met-Maarsingh-Van-Steijn.mp4<\/a><\/video><\/div>\n<h1>Exklusives Interview mit Maarsingh &amp; van Steijn<\/h1>\n<div><\/div>\n<div><strong><em>Wir haben k\u00fcrzlich unseren gesch\u00e4tzten Kunden, die psychologische Praxis, besucht <a href=\"https:\/\/www.maarsinghenvansteijn.nl\/\" target=\"_blank\" rel=\"noopener\">Maarsingh &amp; van Steijn<\/a> in Leeuwarden.<\/em><\/strong><\/div>\n<div><\/div>\n<div>Wir hatten die gro\u00dfartige Gelegenheit, ein exklusives Interview mit dem Besitzer zu f\u00fchren <a href=\"https:\/\/www.linkedin.com\/in\/bernard-m-maarsingh-76039013\/\" target=\"_blank\" rel=\"noopener\">Bernard M. Maarsingh<\/a>, die unverzichtbare H\u00e4lfte des dynamischen Duos mit <a href=\"https:\/\/www.linkedin.com\/in\/irma-van-steijn-45058127\/\" target=\"_blank\" rel=\"noopener\">Irma van Steijn<\/a>, \u00fcber seine Erfahrungen mit TheReSales. Es war ganz besonders, zu entdecken, wie unsere gebrauchten Designerm\u00f6bel eine stimmungsvolle Umgebung schaffen und zur einzigartigen Atmosph\u00e4re in ihren wundersch\u00f6nen R\u00e4umlichkeiten beitragen.<\/div>\n<div class=\"\" data-block=\"true\" data-editor=\"2o2jv\" data-offset-key=\"dmsf0-0-0\">\n<div class=\"_1mf _1mj\" data-offset-key=\"dmsf0-0-0\"><span data-offset-key=\"dmsf0-0-0\">\u00a0<\/span><\/div>\n<\/div>\n<div class=\"\" data-block=\"true\" data-editor=\"2o2jv\" data-offset-key=\"9ek26-0-0\">\n<div class=\"_1mf _1mj\" data-offset-key=\"9ek26-0-0\"><span data-offset-key=\"9ek26-0-0\">Gespannt auf seine Geschichte und wie unsere M\u00f6bel einen Platz in ihrer Praxis gefunden haben? Schauen Sie sich schnell das unterhaltsame Interview oben an!<\/span><\/div>\n<div data-offset-key=\"9ek26-0-0\"><\/div>\n<\/div>\n<\/div>","protected":false},"excerpt":{"rendered":"<p>Exclusief interview met Maarsingh &amp; van Steijn Onlangs hebben we een bezoek gebracht bij onze waardevolle klant, de psychologenpraktijk Maarsingh &amp; van Steijn in Leeuwarden. We hebben de geweldige kans gehad om een exclusief interview af te nemen met eigenaar Bernard M. Maarsingh, de onmisbare helft van het dynamische duo met Irma van Steijn, over&#8230;<\/p>","protected":false},"author":4,"featured_media":23979,"comment_status":"closed","ping_status":"closed","sticky":false,"template":"","format":"video","meta":{"_acf_changed":false,"footnotes":""},"categories":[336],"tags":[],"class_list":["post-23975","post","type-post","status-publish","format-video","has-post-thumbnail","hentry","category-algemeen","post_format-post-format-video"],"acf":[],"yoast_head":"<!-- This site is optimized with the Yoast SEO plugin v27.5 - https:\/\/yoast.com\/product\/yoast-seo-wordpress\/ -->\n<title>Exclusief interview met Maarsingh &amp; van Steijn - TheReSales<\/title>\n<meta name=\"description\" content=\"Onlangs hebben we een exclusief interview afgenomen met onze waardevolle klant, de psychologenpraktijk Maarsingh &amp; van Steijn in Leeuwarden.\" \/>\n<meta name=\"robots\" content=\"index, follow, max-snippet:-1, max-image-preview:large, max-video-preview:-1\" \/>\n<link rel=\"canonical\" href=\"https:\/\/theresales.nl\/de\/exklusives-interview-mit-maarsingh-und-van-steijn\/\" \/>\n<meta property=\"og:locale\" content=\"de_DE\" \/>\n<meta property=\"og:type\" content=\"article\" \/>\n<meta property=\"og:title\" content=\"Exclusief interview met Maarsingh &amp; van Steijn - TheReSales\" \/>\n<meta property=\"og:description\" content=\"Onlangs hebben we een exclusief interview afgenomen met onze waardevolle klant, de psychologenpraktijk Maarsingh &amp; van Steijn in Leeuwarden.\" \/>\n<meta property=\"og:url\" content=\"https:\/\/theresales.nl\/de\/exklusives-interview-mit-maarsingh-und-van-steijn\/\" \/>\n<meta property=\"og:site_name\" content=\"TheReSales\" \/>\n<meta property=\"article:publisher\" content=\"https:\/\/www.facebook.com\/theresales.nl\" \/>\n<meta property=\"article:published_time\" content=\"2023-07-06T13:07:18+00:00\" \/>\n<meta property=\"article:modified_time\" content=\"2024-04-12T10:46:32+00:00\" \/>\n<meta property=\"og:image\" content=\"https:\/\/theresales.nl\/wp-content\/uploads\/2023\/07\/Maarsingh-Van-Steijn-TheReSales.png\" \/>\n\t<meta property=\"og:image:width\" content=\"1200\" \/>\n\t<meta property=\"og:image:height\" content=\"956\" \/>\n\t<meta property=\"og:image:type\" content=\"image\/png\" \/>\n<meta name=\"author\" content=\"Hanna Visser\" \/>\n<meta name=\"twitter:card\" content=\"summary_large_image\" \/>\n<meta name=\"twitter:label1\" content=\"Verfasst von\" \/>\n\t<meta name=\"twitter:data1\" content=\"Hanna Visser\" \/>\n\t<meta name=\"twitter:label2\" content=\"Gesch\u00e4tzte Lesezeit\" \/>\n\t<meta name=\"twitter:data2\" content=\"1\u00a0Minute\" \/>\n<!-- \/ Yoast SEO plugin. -->","yoast_head_json":{"title":"Exklusives Interview mit Maarsingh &amp; van Steijn - TheReSales","description":"Vor kurzem haben wir ein exklusives Interview mit unserem gesch\u00e4tzten Kunden, der psychologischen Praxis Maarsingh &amp; van Steijn in Leeuwarden, gef\u00fchrt.","robots":{"index":"index","follow":"follow","max-snippet":"max-snippet:-1","max-image-preview":"max-image-preview:large","max-video-preview":"max-video-preview:-1"},"canonical":"https:\/\/theresales.nl\/de\/exklusives-interview-mit-maarsingh-und-van-steijn\/","og_locale":"de_DE","og_type":"article","og_title":"Exclusief interview met Maarsingh & van Steijn - TheReSales","og_description":"Onlangs hebben we een exclusief interview afgenomen met onze waardevolle klant, de psychologenpraktijk Maarsingh & van Steijn in Leeuwarden.","og_url":"https:\/\/theresales.nl\/de\/exklusives-interview-mit-maarsingh-und-van-steijn\/","og_site_name":"TheReSales","article_publisher":"https:\/\/www.facebook.com\/theresales.nl","article_published_time":"2023-07-06T13:07:18+00:00","article_modified_time":"2024-04-12T10:46:32+00:00","og_image":[{"width":1200,"height":956,"url":"https:\/\/theresales.nl\/wp-content\/uploads\/2023\/07\/Maarsingh-Van-Steijn-TheReSales.png","type":"image\/png"}],"author":"Hanna Visser","twitter_card":"summary_large_image","twitter_misc":{"Verfasst von":"Hanna Visser","Gesch\u00e4tzte Lesezeit":"1\u00a0Minute"},"schema":{"@context":"https:\/\/schema.org","@graph":[{"@type":"Article","@id":"https:\/\/theresales.nl\/exclusief-interview-met-maarsingh-en-van-steijn\/#article","isPartOf":{"@id":"https:\/\/theresales.nl\/exclusief-interview-met-maarsingh-en-van-steijn\/"},"author":{"name":"Hanna Visser","@id":"https:\/\/theresales.nl\/#\/schema\/person\/ba1c16f73947418e00562c2b36ce87c0"},"headline":"Exclusief interview met Maarsingh &#038; van Steijn","datePublished":"2023-07-06T13:07:18+00:00","dateModified":"2024-04-12T10:46:32+00:00","mainEntityOfPage":{"@id":"https:\/\/theresales.nl\/exclusief-interview-met-maarsingh-en-van-steijn\/"},"wordCount":126,"publisher":{"@id":"https:\/\/theresales.nl\/#organization"},"image":{"@id":"https:\/\/theresales.nl\/exclusief-interview-met-maarsingh-en-van-steijn\/#primaryimage"},"thumbnailUrl":"https:\/\/theresales.nl\/wp-content\/uploads\/2023\/07\/Maarsingh-Van-Steijn-TheReSales.png","articleSection":["Algemeen"],"inLanguage":"de"},{"@type":"WebPage","@id":"https:\/\/theresales.nl\/exclusief-interview-met-maarsingh-en-van-steijn\/","url":"https:\/\/theresales.nl\/exclusief-interview-met-maarsingh-en-van-steijn\/","name":"Exklusives Interview mit Maarsingh &amp; van Steijn - TheReSales","isPartOf":{"@id":"https:\/\/theresales.nl\/#website"},"primaryImageOfPage":{"@id":"https:\/\/theresales.nl\/exclusief-interview-met-maarsingh-en-van-steijn\/#primaryimage"},"image":{"@id":"https:\/\/theresales.nl\/exclusief-interview-met-maarsingh-en-van-steijn\/#primaryimage"},"thumbnailUrl":"https:\/\/theresales.nl\/wp-content\/uploads\/2023\/07\/Maarsingh-Van-Steijn-TheReSales.png","datePublished":"2023-07-06T13:07:18+00:00","dateModified":"2024-04-12T10:46:32+00:00","description":"Vor kurzem haben wir ein exklusives Interview mit unserem gesch\u00e4tzten Kunden, der psychologischen Praxis Maarsingh &amp; van Steijn in Leeuwarden, gef\u00fchrt.","breadcrumb":{"@id":"https:\/\/theresales.nl\/exclusief-interview-met-maarsingh-en-van-steijn\/#breadcrumb"},"inLanguage":"de","potentialAction":[{"@type":"ReadAction","target":["https:\/\/theresales.nl\/exclusief-interview-met-maarsingh-en-van-steijn\/"]}]},{"@type":"ImageObject","inLanguage":"de","@id":"https:\/\/theresales.nl\/exclusief-interview-met-maarsingh-en-van-steijn\/#primaryimage","url":"https:\/\/theresales.nl\/wp-content\/uploads\/2023\/07\/Maarsingh-Van-Steijn-TheReSales.png","contentUrl":"https:\/\/theresales.nl\/wp-content\/uploads\/2023\/07\/Maarsingh-Van-Steijn-TheReSales.png","width":1200,"height":956,"caption":"Exclusief-interview-met-Maarsingh-en-van-Steijn-TheReSales"},{"@type":"BreadcrumbList","@id":"https:\/\/theresales.nl\/exclusief-interview-met-maarsingh-en-van-steijn\/#breadcrumb","itemListElement":[{"@type":"ListItem","position":1,"name":"Home","item":"https:\/\/theresales.nl\/"},{"@type":"ListItem","position":2,"name":"Exclusief interview met Maarsingh &#038; van Steijn"}]},{"@type":"WebSite","@id":"https:\/\/theresales.nl\/#website","url":"https:\/\/theresales.nl\/","name":"TheReSales","description":"Tweedehands Design Meubelen","publisher":{"@id":"https:\/\/theresales.nl\/#organization"},"potentialAction":[{"@type":"SearchAction","target":{"@type":"EntryPoint","urlTemplate":"https:\/\/theresales.nl\/?s={search_term_string}"},"query-input":{"@type":"PropertyValueSpecification","valueRequired":true,"valueName":"search_term_string"}}],"inLanguage":"de"},{"@type":"Organization","@id":"https:\/\/theresales.nl\/#organization","name":"TheReSales","url":"https:\/\/theresales.nl\/","logo":{"@type":"ImageObject","inLanguage":"de","@id":"https:\/\/theresales.nl\/#\/schema\/logo\/image\/","url":"https:\/\/theresales.nl\/wp-content\/uploads\/2026\/04\/Logo-TheReSales.png","contentUrl":"https:\/\/theresales.nl\/wp-content\/uploads\/2026\/04\/Logo-TheReSales.png","width":1200,"height":304,"caption":"TheReSales"},"image":{"@id":"https:\/\/theresales.nl\/#\/schema\/logo\/image\/"},"sameAs":["https:\/\/www.facebook.com\/theresales.nl","https:\/\/www.instagram.com\/_theresales_\/","https:\/\/nl.pinterest.com\/theresalesgroningen\/","https:\/\/www.linkedin.com\/company\/theresales\/"]},{"@type":"Person","@id":"https:\/\/theresales.nl\/#\/schema\/person\/ba1c16f73947418e00562c2b36ce87c0","name":"Hanna Visser","url":"https:\/\/theresales.nl\/de\/author\/hanna\/"}]}},"_links":{"self":[{"href":"https:\/\/theresales.nl\/de\/wp-json\/wp\/v2\/posts\/23975","targetHints":{"allow":["GET"]}}],"collection":[{"href":"https:\/\/theresales.nl\/de\/wp-json\/wp\/v2\/posts"}],"about":[{"href":"https:\/\/theresales.nl\/de\/wp-json\/wp\/v2\/types\/post"}],"author":[{"embeddable":true,"href":"https:\/\/theresales.nl\/de\/wp-json\/wp\/v2\/users\/4"}],"replies":[{"embeddable":true,"href":"https:\/\/theresales.nl\/de\/wp-json\/wp\/v2\/comments?post=23975"}],"version-history":[{"count":0,"href":"https:\/\/theresales.nl\/de\/wp-json\/wp\/v2\/posts\/23975\/revisions"}],"wp:featuredmedia":[{"embeddable":true,"href":"https:\/\/theresales.nl\/de\/wp-json\/wp\/v2\/media\/23979"}],"wp:attachment":[{"href":"https:\/\/theresales.nl\/de\/wp-json\/wp\/v2\/media?parent=23975"}],"wp:term":[{"taxonomy":"category","embeddable":true,"href":"https:\/\/theresales.nl\/de\/wp-json\/wp\/v2\/categories?post=23975"},{"taxonomy":"post_tag","embeddable":true,"href":"https:\/\/theresales.nl\/de\/wp-json\/wp\/v2\/tags?post=23975"}],"curies":[{"name":"wp","href":"https:\/\/api.w.org\/{rel}","templated":true}]}}