{"id":21303,"date":"2023-04-21T13:27:47","date_gmt":"2023-04-21T11:27:47","guid":{"rendered":"https:\/\/theresales.nl\/?p=21303"},"modified":"2024-04-12T12:46:34","modified_gmt":"2024-04-12T10:46:34","slug":"orange-uber-alles-wie-die-farbe-orange-ihrem-interieur-einen-schub-gibt","status":"publish","type":"post","link":"https:\/\/theresales.nl\/de\/oranje-boven-hoe-de-kleur-oranje-een-boost-geeft-aan-je-interieur\/","title":{"rendered":"Oranje boven! Ein festlicher K\u00f6nigstag im B\u00fcro"},"content":{"rendered":"<h1>Oranje boven! Ein festlicher K\u00f6nigstag im B\u00fcro<\/h1>\n<p><strong><em>K\u00f6nigstag ist einer der festlichsten Tage des Jahres in den Niederlanden, an dem wir den Geburtstag unseres K\u00f6nigs mit allen m\u00f6glichen Festlichkeiten und oranger Farben feiern. Warum sollte man diese festliche Atmosph\u00e4re nur auf die Stra\u00dfen beschr\u00e4nken? Orange \u00fcber alles! Ein festlicher K\u00f6nigstag im B\u00fcro<\/em><\/strong><\/p>\n<p>In diesem Blog m\u00f6chten wir Sie inspirieren, auch Ihr B\u00fcro in festliche Stimmung zu bringen, mit den bunten St\u00fchlen der niederl\u00e4ndischen Marke <a href=\"https:\/\/theresales.nl\/de\/sammlung\/?filter_product_tag=vervoort\" target=\"_blank\" rel=\"noopener\">Vervoort<\/a>. Lassen Sie Ihre Mitarbeiter eine kreative und fr\u00f6hliche Arbeitsplatz w\u00e4hrend des K\u00f6nigstages genie\u00dfen, wo Orange herrscht!<\/p>\n<h2><strong>Festliche Farben<\/strong><\/h2>\n<p>Was ist symbolischer f\u00fcr den K\u00f6nigstag als die Farbe Orange? Verleihen Sie Ihrem B\u00fcro eine festliche und spielerische Note, indem Sie farbenfrohe St\u00fchle in verschiedenen Farben w\u00e4hlen. Von leuchtendem Orange bis zu Babyblau gibt es unz\u00e4hlige Farboptionen zur Auswahl. Kombinieren Sie diese St\u00fchle mit Schreibtischen aus Holz f\u00fcr ein warmes und nat\u00fcrliches Aussehen. Die Oranget\u00f6ne schaffen nicht nur eine fr\u00f6hliche Atmosph\u00e4re, sondern auch ein Gef\u00fchl der Verbundenheit mit der niederl\u00e4ndischen Kultur und Tradition w\u00e4hrend <a href=\"https:\/\/nl.wikipedia.org\/wiki\/Koningsdag_(Nederland)\" target=\"_blank\" rel=\"noopener\">K\u00f6nigstag<\/a>.<\/p>\n<h2><strong>Stilvoll und bequem<\/strong><\/h2>\n<p>Neben ihrer festlichen Ausstrahlung sind farbenfrohe St\u00fchle auch stilvoll und bequem. Entscheiden Sie sich f\u00fcr St\u00fchle mit modernem Design, klaren Linien und hochwertigen Materialien, um ein stilvolles Aussehen zu schaffen, das zur Ausstrahlung Ihres B\u00fcroraums passt. Diese St\u00fchle sind ergonomisch gestaltet, damit Ihre Mitarbeiter bequem arbeiten und produktiv bleiben k\u00f6nnen. Dar\u00fcber hinaus m\u00fcssen Sie keine Kompromisse bei Stil und Komfort eingehen.<\/p>\n<h3><strong>Kreative Einrichtungsm\u00f6glichkeiten<\/strong><\/h3>\n<p>Diese Vervoort-St\u00fchle bieten auch endlose kreative Einrichtungsm\u00f6glichkeiten f\u00fcr Ihren B\u00fcroraum. Kombinieren Sie verschiedene Farbt\u00f6ne, um einen lebendigen und verspielten Look zu kreieren. F\u00fcgen Sie passende Accessoires wie Teppiche oder Pflanzen hinzu, um die festliche Atmosph\u00e4re zu vervollst\u00e4ndigen. Sie k\u00f6nnen auch mit anderen Farbkombinationen experimentieren, wie z.B. mit Blau oder Gr\u00fcn kombiniert, f\u00fcr einen einzigartigen und eigenwilligen Look. Lassen Sie Ihrer Kreativit\u00e4t freien Lauf und schaffen Sie eine B\u00fcroeinrichtung, die Aufmerksamkeit erregt und Ihre Mitarbeiter inspiriert.<\/p>\n<p>Eine festliche und kreative B\u00fcroeinrichtung kann auch den Teamgeist steigern. Sie schafft ein gemeinsames Erlebnis und ein Gef\u00fchl der Zusammengeh\u00f6rigkeit!<\/p>\n<p>Ansehen <a href=\"https:\/\/theresales.nl\/de\/sammlung\/?filter_product_tag=vervoort\" target=\"_blank\" rel=\"noopener\">hier<\/a> unsere St\u00fchle von Vervoort.<\/p>","protected":false},"excerpt":{"rendered":"<p>Oranje boven! Een feestelijke Koningsdag op kantoor Koningsdag is een van de meest feestelijke dagen van het jaar in Nederland, waar we de verjaardag van onze koning vieren met allerlei festiviteiten en oranje gekte. Waarom zou je deze feestelijke sfeer beperken tot alleen de straten? Oranje boven! Een feestelijke Koningsdag op kantoor In deze blog&#8230;<\/p>","protected":false},"author":4,"featured_media":21470,"comment_status":"closed","ping_status":"closed","sticky":false,"template":"","format":"standard","meta":{"_acf_changed":false,"footnotes":""},"categories":[336],"tags":[],"class_list":["post-21303","post","type-post","status-publish","format-standard","has-post-thumbnail","hentry","category-algemeen"],"acf":[],"yoast_head":"<!-- This site is optimized with the Yoast SEO plugin v27.5 - https:\/\/yoast.com\/product\/yoast-seo-wordpress\/ -->\n<title>Oranje boven! Een feestelijke Koningsdag op kantoor - TheReSales<\/title>\n<meta name=\"description\" content=\"BLOG: Waarom zou je deze feestelijke sfeer beperken tot alleen de straten? Oranje boven! Een feestelijke Koningsdag op kantoor\" \/>\n<meta name=\"robots\" content=\"index, follow, max-snippet:-1, max-image-preview:large, max-video-preview:-1\" \/>\n<link rel=\"canonical\" href=\"https:\/\/theresales.nl\/de\/orange-uber-alles-wie-die-farbe-orange-ihrem-interieur-einen-schub-gibt\/\" \/>\n<meta property=\"og:locale\" content=\"de_DE\" \/>\n<meta property=\"og:type\" content=\"article\" \/>\n<meta property=\"og:title\" content=\"Oranje boven! Een feestelijke Koningsdag op kantoor - TheReSales\" \/>\n<meta property=\"og:description\" content=\"BLOG: Waarom zou je deze feestelijke sfeer beperken tot alleen de straten? Oranje boven! Een feestelijke Koningsdag op kantoor\" \/>\n<meta property=\"og:url\" content=\"https:\/\/theresales.nl\/de\/orange-uber-alles-wie-die-farbe-orange-ihrem-interieur-einen-schub-gibt\/\" \/>\n<meta property=\"og:site_name\" content=\"TheReSales\" \/>\n<meta property=\"article:publisher\" content=\"https:\/\/www.facebook.com\/theresales.nl\" \/>\n<meta property=\"article:published_time\" content=\"2023-04-21T11:27:47+00:00\" \/>\n<meta property=\"article:modified_time\" content=\"2024-04-12T10:46:34+00:00\" \/>\n<meta property=\"og:image\" content=\"https:\/\/theresales.nl\/wp-content\/uploads\/2023\/04\/Oranje-Boven-TheReSales-1.jpg\" \/>\n\t<meta property=\"og:image:width\" content=\"1200\" \/>\n\t<meta property=\"og:image:height\" content=\"900\" \/>\n\t<meta property=\"og:image:type\" content=\"image\/jpeg\" \/>\n<meta name=\"author\" content=\"Hanna Visser\" \/>\n<meta name=\"twitter:card\" content=\"summary_large_image\" \/>\n<meta name=\"twitter:label1\" content=\"Verfasst von\" \/>\n\t<meta name=\"twitter:data1\" content=\"Hanna Visser\" \/>\n\t<meta name=\"twitter:label2\" content=\"Gesch\u00e4tzte Lesezeit\" \/>\n\t<meta name=\"twitter:data2\" content=\"2\u00a0Minuten\" \/>\n<!-- \/ Yoast SEO plugin. -->","yoast_head_json":{"title":"Oranje boven! Ein festlicher K\u00f6nigstag im B\u00fcro - TheReSales","description":"BLOG: Warum sollte man diese festliche Atmosph\u00e4re nur auf die Stra\u00dfen beschr\u00e4nken? Oranje boven! Ein festlicher K\u00f6nigstag im B\u00fcro","robots":{"index":"index","follow":"follow","max-snippet":"max-snippet:-1","max-image-preview":"max-image-preview:large","max-video-preview":"max-video-preview:-1"},"canonical":"https:\/\/theresales.nl\/de\/orange-uber-alles-wie-die-farbe-orange-ihrem-interieur-einen-schub-gibt\/","og_locale":"de_DE","og_type":"article","og_title":"Oranje boven! Een feestelijke Koningsdag op kantoor - TheReSales","og_description":"BLOG: Waarom zou je deze feestelijke sfeer beperken tot alleen de straten? Oranje boven! Een feestelijke Koningsdag op kantoor","og_url":"https:\/\/theresales.nl\/de\/orange-uber-alles-wie-die-farbe-orange-ihrem-interieur-einen-schub-gibt\/","og_site_name":"TheReSales","article_publisher":"https:\/\/www.facebook.com\/theresales.nl","article_published_time":"2023-04-21T11:27:47+00:00","article_modified_time":"2024-04-12T10:46:34+00:00","og_image":[{"width":1200,"height":900,"url":"https:\/\/theresales.nl\/wp-content\/uploads\/2023\/04\/Oranje-Boven-TheReSales-1.jpg","type":"image\/jpeg"}],"author":"Hanna Visser","twitter_card":"summary_large_image","twitter_misc":{"Verfasst von":"Hanna Visser","Gesch\u00e4tzte Lesezeit":"2\u00a0Minuten"},"schema":{"@context":"https:\/\/schema.org","@graph":[{"@type":"Article","@id":"https:\/\/theresales.nl\/oranje-boven-hoe-de-kleur-oranje-een-boost-geeft-aan-je-interieur\/#article","isPartOf":{"@id":"https:\/\/theresales.nl\/oranje-boven-hoe-de-kleur-oranje-een-boost-geeft-aan-je-interieur\/"},"author":{"name":"Hanna Visser","@id":"https:\/\/theresales.nl\/#\/schema\/person\/ba1c16f73947418e00562c2b36ce87c0"},"headline":"Oranje boven! Een feestelijke Koningsdag op kantoor","datePublished":"2023-04-21T11:27:47+00:00","dateModified":"2024-04-12T10:46:34+00:00","mainEntityOfPage":{"@id":"https:\/\/theresales.nl\/oranje-boven-hoe-de-kleur-oranje-een-boost-geeft-aan-je-interieur\/"},"wordCount":355,"publisher":{"@id":"https:\/\/theresales.nl\/#organization"},"image":{"@id":"https:\/\/theresales.nl\/oranje-boven-hoe-de-kleur-oranje-een-boost-geeft-aan-je-interieur\/#primaryimage"},"thumbnailUrl":"https:\/\/theresales.nl\/wp-content\/uploads\/2023\/04\/Oranje-Boven-TheReSales-1.jpg","articleSection":["Algemeen"],"inLanguage":"de"},{"@type":"WebPage","@id":"https:\/\/theresales.nl\/oranje-boven-hoe-de-kleur-oranje-een-boost-geeft-aan-je-interieur\/","url":"https:\/\/theresales.nl\/oranje-boven-hoe-de-kleur-oranje-een-boost-geeft-aan-je-interieur\/","name":"Oranje boven! Ein festlicher K\u00f6nigstag im B\u00fcro - TheReSales","isPartOf":{"@id":"https:\/\/theresales.nl\/#website"},"primaryImageOfPage":{"@id":"https:\/\/theresales.nl\/oranje-boven-hoe-de-kleur-oranje-een-boost-geeft-aan-je-interieur\/#primaryimage"},"image":{"@id":"https:\/\/theresales.nl\/oranje-boven-hoe-de-kleur-oranje-een-boost-geeft-aan-je-interieur\/#primaryimage"},"thumbnailUrl":"https:\/\/theresales.nl\/wp-content\/uploads\/2023\/04\/Oranje-Boven-TheReSales-1.jpg","datePublished":"2023-04-21T11:27:47+00:00","dateModified":"2024-04-12T10:46:34+00:00","description":"BLOG: Warum sollte man diese festliche Atmosph\u00e4re nur auf die Stra\u00dfen beschr\u00e4nken? Oranje boven! Ein festlicher K\u00f6nigstag im B\u00fcro","breadcrumb":{"@id":"https:\/\/theresales.nl\/oranje-boven-hoe-de-kleur-oranje-een-boost-geeft-aan-je-interieur\/#breadcrumb"},"inLanguage":"de","potentialAction":[{"@type":"ReadAction","target":["https:\/\/theresales.nl\/oranje-boven-hoe-de-kleur-oranje-een-boost-geeft-aan-je-interieur\/"]}]},{"@type":"ImageObject","inLanguage":"de","@id":"https:\/\/theresales.nl\/oranje-boven-hoe-de-kleur-oranje-een-boost-geeft-aan-je-interieur\/#primaryimage","url":"https:\/\/theresales.nl\/wp-content\/uploads\/2023\/04\/Oranje-Boven-TheReSales-1.jpg","contentUrl":"https:\/\/theresales.nl\/wp-content\/uploads\/2023\/04\/Oranje-Boven-TheReSales-1.jpg","width":1200,"height":900,"caption":"Oranje-Boven-TheReSales"},{"@type":"BreadcrumbList","@id":"https:\/\/theresales.nl\/oranje-boven-hoe-de-kleur-oranje-een-boost-geeft-aan-je-interieur\/#breadcrumb","itemListElement":[{"@type":"ListItem","position":1,"name":"Home","item":"https:\/\/theresales.nl\/"},{"@type":"ListItem","position":2,"name":"Oranje boven! Een feestelijke Koningsdag op kantoor"}]},{"@type":"WebSite","@id":"https:\/\/theresales.nl\/#website","url":"https:\/\/theresales.nl\/","name":"TheReSales","description":"Tweedehands Design Meubelen","publisher":{"@id":"https:\/\/theresales.nl\/#organization"},"potentialAction":[{"@type":"SearchAction","target":{"@type":"EntryPoint","urlTemplate":"https:\/\/theresales.nl\/?s={search_term_string}"},"query-input":{"@type":"PropertyValueSpecification","valueRequired":true,"valueName":"search_term_string"}}],"inLanguage":"de"},{"@type":"Organization","@id":"https:\/\/theresales.nl\/#organization","name":"TheReSales","url":"https:\/\/theresales.nl\/","logo":{"@type":"ImageObject","inLanguage":"de","@id":"https:\/\/theresales.nl\/#\/schema\/logo\/image\/","url":"https:\/\/theresales.nl\/wp-content\/uploads\/2026\/04\/Logo-TheReSales.png","contentUrl":"https:\/\/theresales.nl\/wp-content\/uploads\/2026\/04\/Logo-TheReSales.png","width":1200,"height":304,"caption":"TheReSales"},"image":{"@id":"https:\/\/theresales.nl\/#\/schema\/logo\/image\/"},"sameAs":["https:\/\/www.facebook.com\/theresales.nl","https:\/\/www.instagram.com\/_theresales_\/","https:\/\/nl.pinterest.com\/theresalesgroningen\/","https:\/\/www.linkedin.com\/company\/theresales\/"]},{"@type":"Person","@id":"https:\/\/theresales.nl\/#\/schema\/person\/ba1c16f73947418e00562c2b36ce87c0","name":"Hanna Visser","url":"https:\/\/theresales.nl\/de\/author\/hanna\/"}]}},"_links":{"self":[{"href":"https:\/\/theresales.nl\/de\/wp-json\/wp\/v2\/posts\/21303","targetHints":{"allow":["GET"]}}],"collection":[{"href":"https:\/\/theresales.nl\/de\/wp-json\/wp\/v2\/posts"}],"about":[{"href":"https:\/\/theresales.nl\/de\/wp-json\/wp\/v2\/types\/post"}],"author":[{"embeddable":true,"href":"https:\/\/theresales.nl\/de\/wp-json\/wp\/v2\/users\/4"}],"replies":[{"embeddable":true,"href":"https:\/\/theresales.nl\/de\/wp-json\/wp\/v2\/comments?post=21303"}],"version-history":[{"count":0,"href":"https:\/\/theresales.nl\/de\/wp-json\/wp\/v2\/posts\/21303\/revisions"}],"wp:featuredmedia":[{"embeddable":true,"href":"https:\/\/theresales.nl\/de\/wp-json\/wp\/v2\/media\/21470"}],"wp:attachment":[{"href":"https:\/\/theresales.nl\/de\/wp-json\/wp\/v2\/media?parent=21303"}],"wp:term":[{"taxonomy":"category","embeddable":true,"href":"https:\/\/theresales.nl\/de\/wp-json\/wp\/v2\/categories?post=21303"},{"taxonomy":"post_tag","embeddable":true,"href":"https:\/\/theresales.nl\/de\/wp-json\/wp\/v2\/tags?post=21303"}],"curies":[{"name":"wp","href":"https:\/\/api.w.org\/{rel}","templated":true}]}}